{"id":1839,"date":"2023-11-21T01:36:56","date_gmt":"2023-11-21T01:36:56","guid":{"rendered":"https:\/\/inteligenciaartificialai.com\/?p=1839"},"modified":"2023-11-21T01:43:55","modified_gmt":"2023-11-21T01:43:55","slug":"sam-altman-es-despedido-de-openai","status":"publish","type":"post","link":"https:\/\/inteligenciaartificialai.com\/en\/sam-altman-es-despedido-de-openai\/","title":{"rendered":"Sam Altman fired from OpenAI"},"content":{"rendered":"<h2 class=\"wp-block-heading\" id=\"sam-altman-es-despedido-de-openai-la-razon-detras-de-todo\">Sam Altman es despedido de OpenAI La raz\u00f3n detr\u00e1s de todo<\/h2>\n\n\n\n<p>La junta directiva de OpenAI estaba preocupada por el despido de <strong><a href=\"https:\/\/es.wikipedia.org\/wiki\/Sam_Altman\" data-type=\"link\" data-id=\"https:\/\/es.wikipedia.org\/wiki\/Sam_Altman\" target=\"_blank\" rel=\"noopener\">Sam Altman<\/a><\/strong>, un destacado empresario y emprendedor tecnol\u00f3gico, de su cargo como CEO. Los siguientes son los motivos que llevaron a su despido:<\/p>\n\n\n\n<p>Falta de sinceridad en las comunicaciones: Seg\u00fan OpenAI, Altman fue despedido despu\u00e9s de una revisi\u00f3n que encontr\u00f3 que \u00abno era consistentemente sincero en sus comunicaciones\u00bb con la junta directiva. Esta falta de transparencia gener\u00f3 una p\u00e9rdida de confianza en su capacidad para liderar la empresa.<\/p>\n\n\n\n<p>Los gerentes de OpenAI se mostraron inquietos por el hecho de que Altman estuviera impulsando el desarrollo de una tecnolog\u00eda 5 veces mejor. Su enfoque r\u00e1pido y arriesgado podr\u00eda haber tenido repercusiones catastr\u00f3ficas a nivel global.<\/p>\n\n\n\n<p>El despido de Altman fue inesperado y sin previo aviso a algunos de los principales accionistas y socios de OpenAI. Incluso uno de los accionistas m\u00e1s importantes, Microsoft, no fue informado hasta poco antes del anuncio p\u00fablico, lo que gener\u00f3 incertidumbre y afect\u00f3 el valor de las acciones de la empresa.<\/p>\n\n\n\n<h2 class=\"wp-block-heading\" id=\"desacuerdo-con-la-direccion-estrategica\">Desacuerdo con la direcci\u00f3n estrat\u00e9gica<\/h2>\n\n\n\n<p>Altman y otros ex miembros de AI estaban a punto de establecer su propia empresa, lo que amenazaba con socavar los logros obtenidos en los \u00faltimos a\u00f1os. Esto provoc\u00f3 una situaci\u00f3n de crisis en la organizaci\u00f3n y motiv\u00f3 al consejo de administraci\u00f3n a intentar atraer nuevamente a Altman, lo cual result\u00f3 en un cambio escandaloso en la situaci\u00f3n.<\/p>\n\n\n\n<p>En resumen, Sam Altman fue despedido de OpenAI debido a su falta de sinceridad en las comunicaciones con la junta directiva, su enfoque arriesgado que generaba preocupaci\u00f3n sobre una posible cat\u00e1strofe mundial y la falta de comunicaci\u00f3n y desacuerdo sobre la direcci\u00f3n estrat\u00e9gica de la empresa.<\/p>\n\n\n\n<h3 class=\"wp-block-heading\" id=\"openai-anuncia-transicion-de-liderazgo\">Openai anuncia transicion de liderazgo<\/h3>\n\n\n\n<figure class=\"wp-block-image aligncenter size-full\"><a href=\"https:\/\/openai.com\/blog\/openai-announces-leadership-transition\" target=\"_blank\" rel=\"noopener\"><img loading=\"lazy\" decoding=\"async\" width=\"700\" height=\"500\" src=\"https:\/\/inteligenciaartificialai.com\/wp-content\/uploads\/2023\/11\/Openai-anuncia-transicion-de-liderazgo.png\" alt=\"\" class=\"wp-image-1841\" srcset=\"https:\/\/inteligenciaartificialai.com\/wp-content\/uploads\/2023\/11\/Openai-anuncia-transicion-de-liderazgo.png 700w, https:\/\/inteligenciaartificialai.com\/wp-content\/uploads\/2023\/11\/Openai-anuncia-transicion-de-liderazgo-300x214.png 300w\" sizes=\"auto, (max-width: 700px) 100vw, 700px\" \/><\/a><\/figure>\n\n\n\n<h2 class=\"wp-block-heading\" id=\"preguntas-frecuentes\">Frequently Asked Questions:<\/h2>\n\n\n\n<h3 class=\"wp-block-heading\" id=\"cual-fue-el-impacto-del-despido-de-sam-altman-de-openai\">\u00bfCu\u00e1l fue el impacto del despido de Sam Altman de OpenAI?<\/h3>\n\n\n\n<p>El despido de Sam Altman caus\u00f3 una crisis en OpenAI, ya que abri\u00f3 la posibilidad de que otros miembros leales de la organizaci\u00f3n establecieran su propia empresa. Esto amenaz\u00f3 los logros de OpenAI. Adem\u00e1s, el despido repentino y la falta de comunicaci\u00f3n tuvieron un impacto en el valor de las acciones de la empresa.<\/p>\n\n\n\n<figure class=\"wp-block-image aligncenter size-full\"><img loading=\"lazy\" decoding=\"async\" width=\"700\" height=\"500\" src=\"https:\/\/inteligenciaartificialai.com\/wp-content\/uploads\/2023\/11\/impacto-del-despido-de-Sam-Altman-de-OpenAI.png\" alt=\"\" class=\"wp-image-1842\" srcset=\"https:\/\/inteligenciaartificialai.com\/wp-content\/uploads\/2023\/11\/impacto-del-despido-de-Sam-Altman-de-OpenAI.png 700w, https:\/\/inteligenciaartificialai.com\/wp-content\/uploads\/2023\/11\/impacto-del-despido-de-Sam-Altman-de-OpenAI-300x214.png 300w\" sizes=\"auto, (max-width: 700px) 100vw, 700px\" \/><\/figure>\n\n\n\n<h3 class=\"wp-block-heading\" id=\"cual-fue-la-influencia-de-microsoft-en-el-despido-de-sam-altman\">\u00bfCu\u00e1l fue la influencia de Microsoft en el despido de Sam Altman?<\/h3>\n\n\n\n<p>Poco antes del anuncio p\u00fablico del despido de Sam Altman, Microsoft, uno de los principales accionistas de OpenAI, no estaba al tanto de la noticia. Esto aument\u00f3 la incertidumbre y la valoraci\u00f3n de las acciones de la empresa.<\/p>\n\n\n\n<h3 class=\"wp-block-heading\" id=\"cual-fue-la-principal-motivacion-para-el-despido-de-sam-altman\">\u00bfCu\u00e1l fue la principal motivaci\u00f3n para el despido de Sam Altman?<\/h3>\n\n\n\n<p>El principal motivo del despido de Sam Altman fue su falta de sinceridad en las comunicaciones con la junta directiva de OpenAI. Como resultado de esta falta de transparencia, la gente dej\u00f3 de creer en su capacidad para dirigir la empresa.<\/p>\n\n\n\n<h3 class=\"wp-block-heading\" id=\"cuales-eran-los-peligros-asociados-con-el-enfoque-acelerado-de-sam-altman-para-openai\">\u00bfCu\u00e1les eran los peligros asociados con el enfoque acelerado de Sam Altman para OpenAI?<\/h3>\n\n\n\n<p>Los supervisores de OpenAI tem\u00edan que el enfoque acelerado de Sam Altman pudiera llevar a la empresa a desarrollar una tecnolog\u00eda que correr\u00eda 5 veces mejor. Esto gener\u00f3 inquietud sobre la posibilidad de una tragedia global.<\/p>\n\n\n\n<h3 class=\"wp-block-heading\" id=\"como-se-vio-afectado-el-valor-de-las-acciones-de-openai-despues-del-despido-de-sam-altman\">\u00bfC\u00f3mo se vio afectado el valor de las acciones de OpenAI despu\u00e9s del despido de Sam Altman?<\/h3>\n\n\n\n<p>El valor de las acciones de OpenAI ha disminuido debido al despido de Sam Altman, lo que ha generado incertidumbre y preocupaci\u00f3n entre los accionistas de OpenAI. Como resultado, el valor de las acciones de la empresa disminuy\u00f3.<\/p>\n\n\n\n<ul class=\"wp-block-list\">\n<li><strong>Reacciones negativas de los inversores:<\/strong> El despido abrupto y opaco de Altman gener\u00f3 descontento entre los inversores, especialmente Microsoft, que no fue informado del despido hasta poco antes de que se hiciera p\u00fablico. Esto disminuy\u00f3 la confianza de los inversores y podr\u00eda haber causado la p\u00e9rdida de apoyo financiero.<\/li>\n\n\n\n<li><strong>Renuncias de empleados y l\u00edderes importantes: <\/strong>Tras el despido de Altman, varios empleados y l\u00edderes importantes de OpenAI renunciaron, incluido el cofundador y expresidente de la empresa Greg Brockman. Estas renuncias debilitaron a\u00fan m\u00e1s el valor y la estabilidad de la empresa.<\/li>\n<\/ul>\n\n\n\n<p>Despu\u00e9s de la salida de Altman, se rumore\u00f3 que \u00e9l y otros ex miembros de OpenAI estaban considerando establecer su propia empresa, lo que plantea un riesgo de competencia. Esta situaci\u00f3n podr\u00eda haber afectado negativamente la reputaci\u00f3n y el valor de OpenAI, ya que podr\u00edan competir directamente con la empresa en el campo de la <strong><a href=\"https:\/\/inteligenciaartificialai.com\/en\/artificial-intelligence-vs-machine-learning\/\" data-type=\"link\" data-id=\"https:\/\/inteligenciaartificialai.com\/inteligencia-artificial-vs-aprendizaje-automatico\/\">artificial intelligence<\/a><\/strong>.<\/p>","protected":false},"excerpt":{"rendered":"<p>Sam Altman es despedido de OpenAI La raz\u00f3n detr\u00e1s de todo La junta directiva de OpenAI estaba preocupada por el despido de Sam Altman, un destacado empresario y emprendedor tecnol\u00f3gico, de su cargo como CEO. Los siguientes son los motivos que llevaron a su despido: Falta de sinceridad en las comunicaciones: Seg\u00fan OpenAI, Altman fue [&hellip;]<\/p>","protected":false},"author":1,"featured_media":1840,"comment_status":"open","ping_status":"open","sticky":false,"template":"","format":"standard","meta":{"_gspb_post_css":"","_vp_format_video_url":"","_vp_image_focal_point":[],"footnotes":""},"categories":[5],"tags":[],"class_list":["post-1839","post","type-post","status-publish","format-standard","has-post-thumbnail","hentry","category-noticias-ai"],"blocksy_meta":[],"meta_box":[],"_links":{"self":[{"href":"https:\/\/inteligenciaartificialai.com\/en\/wp-json\/wp\/v2\/posts\/1839","targetHints":{"allow":["GET"]}}],"collection":[{"href":"https:\/\/inteligenciaartificialai.com\/en\/wp-json\/wp\/v2\/posts"}],"about":[{"href":"https:\/\/inteligenciaartificialai.com\/en\/wp-json\/wp\/v2\/types\/post"}],"author":[{"embeddable":true,"href":"https:\/\/inteligenciaartificialai.com\/en\/wp-json\/wp\/v2\/users\/1"}],"replies":[{"embeddable":true,"href":"https:\/\/inteligenciaartificialai.com\/en\/wp-json\/wp\/v2\/comments?post=1839"}],"version-history":[{"count":2,"href":"https:\/\/inteligenciaartificialai.com\/en\/wp-json\/wp\/v2\/posts\/1839\/revisions"}],"predecessor-version":[{"id":1845,"href":"https:\/\/inteligenciaartificialai.com\/en\/wp-json\/wp\/v2\/posts\/1839\/revisions\/1845"}],"wp:featuredmedia":[{"embeddable":true,"href":"https:\/\/inteligenciaartificialai.com\/en\/wp-json\/wp\/v2\/media\/1840"}],"wp:attachment":[{"href":"https:\/\/inteligenciaartificialai.com\/en\/wp-json\/wp\/v2\/media?parent=1839"}],"wp:term":[{"taxonomy":"category","embeddable":true,"href":"https:\/\/inteligenciaartificialai.com\/en\/wp-json\/wp\/v2\/categories?post=1839"},{"taxonomy":"post_tag","embeddable":true,"href":"https:\/\/inteligenciaartificialai.com\/en\/wp-json\/wp\/v2\/tags?post=1839"}],"curies":[{"name":"wp","href":"https:\/\/api.w.org\/{rel}","templated":true}]}}